{"id":4491,"date":"2023-05-26T16:33:00","date_gmt":"2023-05-26T16:33:00","guid":{"rendered":"https:\/\/zibi2025.channel13.cloud\/le-patrimoine-chez-zibi-celebrer-notre-passe-industriel-avec-un-regard-vers-lavenir\/"},"modified":"2025-11-03T21:05:51","modified_gmt":"2025-11-03T21:05:51","slug":"le-patrimoine-chez-zibi-celebrer-notre-passe-industriel-avec-un-regard-vers-lavenir","status":"publish","type":"post","link":"https:\/\/zibi.ca\/fr\/le-patrimoine-chez-zibi-celebrer-notre-passe-industriel-avec-un-regard-vers-lavenir\/","title":{"rendered":"Le patrimoine chez Zibi : c\u00e9l\u00e9brer notre pass\u00e9 industriel avec un regard vers l\u2019avenir"},"content":{"rendered":"\n<p><\/p>\n\n\n\n<h6 class=\"wp-block-heading\">Saviez-vous que Zibi a \u00e9t\u00e9 la premi\u00e8re communaut\u00e9 judicieusement con\u00e7ue \u00e0 Ottawa \u00e0 \u00e9laborer un plan d\u2019interpr\u00e9tation patrimoniale?<\/h6>\n\n\n\n<p>Ce plan est la feuille de route pour s\u2019assurer que les valeurs et les ressources du patrimoine culturel du lieu historique sont respect\u00e9es et c\u00e9l\u00e9br\u00e9es pour les g\u00e9n\u00e9rations futures.<\/p>\n\n\n\n<p>Situ\u00e9e au c\u0153ur de la r\u00e9gion de la capitale nationale, Zibi a une valeur culturelle importante gr\u00e2ce \u00e0 son association avec les Autochtones, \u00e0 l\u2019histoire naturelle et g\u00e9ologique du site, \u00e0 l\u2019\u00e9tablissement des premi\u00e8res colonies de Hull et Bytowne et \u00e0 l\u2019histoire industrielle de ces villes. Les terres riveraines \u00e9taient d\u2019ailleurs aussi autrefois consid\u00e9r\u00e9es comme le c\u0153ur industriel \u00a0et forestier du Canada.<\/p>\n\n\n\n<p>Depuis le tout d\u00e9but, les \u00e9quipes d\u2019assainissement et de construction de Zibi ont pris grand soin de r\u00e9cup\u00e9rer et de r\u00e9utiliser des mat\u00e9riaux d\u2019importance historique dans l\u2019ensemble du site, et de pr\u00e9server, restaurer et adapter les immeubles d\u00e9sign\u00e9s comme sites patrimoniaux par la loi ou identifi\u00e9s comme \u00e9tant d\u2019importance ou d\u2019int\u00e9r\u00eat historique.<\/p>\n\n\n\n<p>Bien qu\u2019il soit difficile \u2013 financi\u00e8rement et de fa\u00e7on cr\u00e9ative \u2013 &nbsp;de faire en sorte que les immeubles existants respectent les normes \u00e9lev\u00e9es d\u2019efficacit\u00e9 \u00e9nerg\u00e9tique requises pour cette communaut\u00e9 One Planet Living\u00ae, Zibi poursuit son engagement \u00e0 c\u00e9l\u00e9brer le pass\u00e9 dans toute la communaut\u00e9.<\/p>\n\n\n\n<p>Voici quelques exemples de leurs r\u00e9alisations \u00e0 ce jour :<\/p>\n\n\n\n<p><strong>O<\/strong>&nbsp;\u2013 Nomm\u00e9 en clin d\u2019\u0153il \u00e0 la puissance et \u00e0 l\u2019importance de l\u2019eau pour ce site historique, les visiteurs et les r\u00e9sidents du premier immeuble en copropri\u00e9t\u00e9 de Zibi trouveront un plancher fait de bois pr\u00e9serv\u00e9 lors de la d\u00e9molition des b\u00e2timents industriels.<\/p>\n\n\n\n<figure class=\"wp-block-image size-large is-resized\"><img loading=\"lazy\" decoding=\"async\" width=\"1024\" height=\"875\" src=\"https:\/\/zibi.ca\/wp-content\/uploads\/2025\/05\/exterior-3-1024x875.jpg\" alt=\"\" class=\"wp-image-3798\" style=\"width:516px;height:auto\" srcset=\"https:\/\/zibi.ca\/wp-content\/uploads\/2025\/05\/exterior-3-1024x875.jpg 1024w, https:\/\/zibi.ca\/wp-content\/uploads\/2025\/05\/exterior-3-300x256.jpg 300w, https:\/\/zibi.ca\/wp-content\/uploads\/2025\/05\/exterior-3-768x656.jpg 768w, https:\/\/zibi.ca\/wp-content\/uploads\/2025\/05\/exterior-3.jpg 1030w\" sizes=\"auto, (max-width: 1024px) 100vw, 1024px\" \/><\/figure>\n\n\n\n<p><strong>La Ruelle<\/strong>&nbsp;\u2013 Les deux beaux b\u00e2timents qui sont maintenant r\u00e9unis par un impressionnant atrium en verre pour former la Ruelle ont \u00e9t\u00e9 soigneusement restaur\u00e9s pour retrouver leur couleur naturelle de brique, et adapt\u00e9s pour \u00eatre r\u00e9utilis\u00e9s en tant qu\u2019espace pour l\u2019organisation d\u2019\u00e9v\u00e9nements et pour les locaux de travail collaboratif de Spaces.<\/p>\n\n\n\n<figure class=\"wp-block-image size-large is-resized\"><img loading=\"lazy\" decoding=\"async\" width=\"1024\" height=\"697\" src=\"https:\/\/zibi.ca\/wp-content\/uploads\/2025\/05\/IMG_0319-1536x1045-1-1024x697.jpg\" alt=\"\" class=\"wp-image-3800\" style=\"width:529px;height:auto\" srcset=\"https:\/\/zibi.ca\/wp-content\/uploads\/2025\/05\/IMG_0319-1536x1045-1-1024x697.jpg 1024w, https:\/\/zibi.ca\/wp-content\/uploads\/2025\/05\/IMG_0319-1536x1045-1-300x204.jpg 300w, https:\/\/zibi.ca\/wp-content\/uploads\/2025\/05\/IMG_0319-1536x1045-1-768x523.jpg 768w, https:\/\/zibi.ca\/wp-content\/uploads\/2025\/05\/IMG_0319-1536x1045-1.jpg 1536w\" sizes=\"auto, (max-width: 1024px) 100vw, 1024px\" \/><\/figure>\n\n\n\n<p><strong>Nouveaux espaces de bureaux<\/strong> &nbsp;\u2013 Passersby on the Chaudi\u00e8re Bridge will have noticed that Zibi\u2019s newest builds on the West side of Booth Street on Chaudi\u00e8re Island, includes a restored fa\u00e7ade from the former Ottawa Mill building. This restoration was undertaken by Hobin and Kohn + Teeple to celebrate the site\u2019s impressive industrial history. These new buildings will be used as office spaces.  <\/p>\n\n\n\n<figure class=\"wp-block-image size-large is-resized\"><img loading=\"lazy\" decoding=\"async\" width=\"1024\" height=\"615\" src=\"https:\/\/zibi.ca\/wp-content\/uploads\/2025\/05\/NORM-LI_201216_EXT_BLD-207_208_VF-1536x922-1-1024x615.jpg\" alt=\"\" class=\"wp-image-3796\" style=\"width:549px;height:auto\" srcset=\"https:\/\/zibi.ca\/wp-content\/uploads\/2025\/05\/NORM-LI_201216_EXT_BLD-207_208_VF-1536x922-1-1024x615.jpg 1024w, https:\/\/zibi.ca\/wp-content\/uploads\/2025\/05\/NORM-LI_201216_EXT_BLD-207_208_VF-1536x922-1-300x180.jpg 300w, https:\/\/zibi.ca\/wp-content\/uploads\/2025\/05\/NORM-LI_201216_EXT_BLD-207_208_VF-1536x922-1-768x461.jpg 768w, https:\/\/zibi.ca\/wp-content\/uploads\/2025\/05\/NORM-LI_201216_EXT_BLD-207_208_VF-1536x922-1.jpg 1536w\" sizes=\"auto, (max-width: 1024px) 100vw, 1024px\" \/><\/figure>\n\n\n\n<p><strong>Carr\u00e9 de la rue Head<\/strong>&nbsp;\u2013 Cette place publique situ\u00e9e au nord des r\u00e9sidences Kanaal sur l\u2019\u00eele Chaudi\u00e8res transformera des mat\u00e9riaux industriels r\u00e9cup\u00e9r\u00e9s en \u00ab bancs de bois \u00bb mobiles faits sur mesure fabriqu\u00e9s \u00e0 partir de rails de chemin de fer provenant du site, et en lampadaires fabriqu\u00e9s \u00e0 partir de colonnes d\u2019acier.<\/p>\n\n\n\n<figure class=\"wp-block-image size-large is-resized\"><img loading=\"lazy\" decoding=\"async\" width=\"1024\" height=\"768\" src=\"https:\/\/zibi.ca\/wp-content\/uploads\/2025\/05\/6-1536x1152-1-1024x768.jpg\" alt=\"\" class=\"wp-image-3802\" style=\"width:567px;height:auto\" srcset=\"https:\/\/zibi.ca\/wp-content\/uploads\/2025\/05\/6-1536x1152-1-1024x768.jpg 1024w, https:\/\/zibi.ca\/wp-content\/uploads\/2025\/05\/6-1536x1152-1-300x225.jpg 300w, https:\/\/zibi.ca\/wp-content\/uploads\/2025\/05\/6-1536x1152-1-768x576.jpg 768w, https:\/\/zibi.ca\/wp-content\/uploads\/2025\/05\/6-1536x1152-1.jpg 1536w\" sizes=\"auto, (max-width: 1024px) 100vw, 1024px\" \/><\/figure>\n\n\n\n<p><strong>Quelles sont les prochaines \u00e9tapes?<\/strong><\/p>\n\n\n\n<p>Les visiteurs de Zibi auront bient\u00f4t l\u2019occasion de d\u00e9couvrir la restauration compl\u00e8te et la r\u00e9utilisation adaptative d\u2019un ancien b\u00e2timent JR Booth situ\u00e9 \u00e0 l\u2019extr\u00e9mit\u00e9 sud de l\u2019\u00eele Albert, surplombant le Mus\u00e9e de la guerre. Le b\u00e2timent, construit apr\u00e8s le grand incendie de 1900, deviendra bient\u00f4t un espace de bureaux et de vente au d\u00e9tail, tissage de l\u2019ancien avec le nouveau, avec notamment des murs en briques apparentes, et du bois et de l\u2019acier r\u00e9utilis\u00e9s.&nbsp; <\/p>\n\n\n\n<p>Zibi est \u00e9galement en train d\u2019\u00e9laborer des projets conceptuels pour les anciens b\u00e2timents E.B. Eddy en pierre le long du boulevard Tach\u00e9 et de la rue Eddy. Certaines parties de ces b\u00e2timents b\u00e9n\u00e9ficient du plus haut niveau de protection patrimoniale au Qu\u00e9bec, certaines fondations datant d\u2019avant l\u2019incendie de 1900. Une consultation sur l\u2019approche propos\u00e9e pour s\u00e9curiser cet \u00e9difice et le r\u00e9habiliter est en cours avec la Ville de Gatineau et le minist\u00e8re de la Culture de Qu\u00e9bec.  <\/p>\n\n\n\n<p>Pour en savoir plus sur notre communaut\u00e9 judicieusement con\u00e7ue et sur la fa\u00e7on dont Zibi continuera de c\u00e9l\u00e9brer le pass\u00e9 tout en construisant une communaut\u00e9 durable pour l\u2019avenir, nous vous invitons \u00e0 visiter &nbsp;l<a href=\"https:\/\/www.google.com\/maps\/place\/Zibi+House\/@45.4233797,-75.7199959,17z\/data=!4m14!1m7!3m6!1s0x4cce045fa19a84cd:0x79b5a875a195f15f!2sZibi+House!8m2!3d45.423376!4d-75.717421!16s%2Fg%2F11bw7dj6w9!3m5!1s0x4cce045fa19a84cd:0x79b5a875a195f15f!8m2!3d45.423376!4d-75.717421!16s%2Fg%2F11bw7dj6w9\" target=\"_blank\" rel=\"noreferrer noopener\">a Maison Zibi<\/a> &nbsp;ou \u00e0 &nbsp;<a href=\"https:\/\/zibi.ca\/#register\/\" target=\"_blank\" rel=\"noreferrer noopener\">vous inscrire<\/a> &nbsp;\u00e0 notre liste de diffusion d\u00e8s aujourd\u2019hui!<\/p>\n","protected":false},"excerpt":{"rendered":"<p>Saviez-vous que Zibi a \u00e9t\u00e9 la premi\u00e8re communaut\u00e9 judicieusement con\u00e7ue \u00e0 Ottawa \u00e0 \u00e9laborer un plan d\u2019interpr\u00e9tation patrimoniale? Ce plan est la feuille de route pour s\u2019assurer que les valeurs et les ressources du patrimoine culturel du lieu historique sont respect\u00e9es et c\u00e9l\u00e9br\u00e9es pour les g\u00e9n\u00e9rations futures. Situ\u00e9e au c\u0153ur de la r\u00e9gion de la [&hellip;]<\/p>\n","protected":false},"author":3,"featured_media":3797,"comment_status":"open","ping_status":"open","sticky":false,"template":"","format":"standard","meta":{"_acf_changed":false,"footnotes":""},"categories":[49],"tags":[],"class_list":["post-4491","post","type-post","status-publish","format-standard","has-post-thumbnail","hentry","category-communaute"],"acf":[],"_links":{"self":[{"href":"https:\/\/zibi.ca\/fr\/wp-json\/wp\/v2\/posts\/4491","targetHints":{"allow":["GET"]}}],"collection":[{"href":"https:\/\/zibi.ca\/fr\/wp-json\/wp\/v2\/posts"}],"about":[{"href":"https:\/\/zibi.ca\/fr\/wp-json\/wp\/v2\/types\/post"}],"author":[{"embeddable":true,"href":"https:\/\/zibi.ca\/fr\/wp-json\/wp\/v2\/users\/3"}],"replies":[{"embeddable":true,"href":"https:\/\/zibi.ca\/fr\/wp-json\/wp\/v2\/comments?post=4491"}],"version-history":[{"count":0,"href":"https:\/\/zibi.ca\/fr\/wp-json\/wp\/v2\/posts\/4491\/revisions"}],"wp:featuredmedia":[{"embeddable":true,"href":"https:\/\/zibi.ca\/fr\/wp-json\/wp\/v2\/media\/3797"}],"wp:attachment":[{"href":"https:\/\/zibi.ca\/fr\/wp-json\/wp\/v2\/media?parent=4491"}],"wp:term":[{"taxonomy":"category","embeddable":true,"href":"https:\/\/zibi.ca\/fr\/wp-json\/wp\/v2\/categories?post=4491"},{"taxonomy":"post_tag","embeddable":true,"href":"https:\/\/zibi.ca\/fr\/wp-json\/wp\/v2\/tags?post=4491"}],"curies":[{"name":"wp","href":"https:\/\/api.w.org\/{rel}","templated":true}]}}